{"id":28353,"date":"2022-11-07T12:53:24","date_gmt":"2022-11-07T12:53:24","guid":{"rendered":"https:\/\/touringinmorocco.com\/new\/qara-prison-in-meknes\/"},"modified":"2026-03-15T15:26:43","modified_gmt":"2026-03-15T15:26:43","slug":"prigione-di-qara-a-meknes","status":"publish","type":"post","link":"https:\/\/touringinmorocco.com\/it\/prigione-di-qara-a-meknes\/","title":{"rendered":"Prigione di Qara a Meknes: storia, leggende e come visitarla"},"content":{"rendered":"\n<p>La prigione di Qara a Meknes \u00e8 uno dei luoghi pi\u00f9 misteriosi del Marocco. Nascosta sotto l&#8217;antica citt\u00e0 imperiale, questa prigione sotterranea risale all&#8217;epoca del <a href=\"https:\/\/it.wikipedia.org\/wiki\/Mulay_Isma%27il\">sultano Moulay Ismail<\/a> ed \u00e8 avvolta da numerose storie locali. Oggi \u00e8 una tappa popolare per i viaggiatori che esplorano Meknes e le vicine rovine romane di Volubilis.<\/p>\n\n\n\n<div id=\"ez-toc-container\" class=\"ez-toc-v2_0_82_2 counter-hierarchy ez-toc-counter ez-toc-grey ez-toc-container-direction\">\n<div class=\"ez-toc-title-container\">\n<p class=\"ez-toc-title\" style=\"cursor:inherit\">Indice<\/p>\n<span class=\"ez-toc-title-toggle\"><a href=\"#\" class=\"ez-toc-pull-right ez-toc-btn ez-toc-btn-xs ez-toc-btn-default ez-toc-toggle\" aria-label=\"Toggle Table of Content\"><span class=\"ez-toc-js-icon-con\"><span class=\"\"><span class=\"eztoc-hide\" style=\"display:none;\">Toggle<\/span><span class=\"ez-toc-icon-toggle-span\"><svg style=\"fill: #999;color:#999\" xmlns=\"http:\/\/www.w3.org\/2000\/svg\" class=\"list-377408\" width=\"20px\" height=\"20px\" viewBox=\"0 0 24 24\" fill=\"none\"><path d=\"M6 6H4v2h2V6zm14 0H8v2h12V6zM4 11h2v2H4v-2zm16 0H8v2h12v-2zM4 16h2v2H4v-2zm16 0H8v2h12v-2z\" fill=\"currentColor\"><\/path><\/svg><svg style=\"fill: #999;color:#999\" class=\"arrow-unsorted-368013\" xmlns=\"http:\/\/www.w3.org\/2000\/svg\" width=\"10px\" height=\"10px\" viewBox=\"0 0 24 24\" version=\"1.2\" baseProfile=\"tiny\"><path d=\"M18.2 9.3l-6.2-6.3-6.2 6.3c-.2.2-.3.4-.3.7s.1.5.3.7c.2.2.4.3.7.3h11c.3 0 .5-.1.7-.3.2-.2.3-.5.3-.7s-.1-.5-.3-.7zM5.8 14.7l6.2 6.3 6.2-6.3c.2-.2.3-.5.3-.7s-.1-.5-.3-.7c-.2-.2-.4-.3-.7-.3h-11c-.3 0-.5.1-.7.3-.2.2-.3.5-.3.7s.1.5.3.7z\"\/><\/svg><\/span><\/span><\/span><\/a><\/span><\/div>\n<nav><ul class='ez-toc-list ez-toc-list-level-1 eztoc-toggle-hide-by-default' ><li class='ez-toc-page-1 ez-toc-heading-level-2'><a class=\"ez-toc-link ez-toc-heading-1\" href=\"https:\/\/touringinmorocco.com\/it\/prigione-di-qara-a-meknes\/#Informazioni_rapide_Prigione_di_Qara_Meknes\" >Informazioni rapide: Prigione di Qara Meknes<\/a><ul class='ez-toc-list-level-3' ><li class='ez-toc-heading-level-3'><a class=\"ez-toc-link ez-toc-heading-2\" href=\"https:\/\/touringinmorocco.com\/it\/prigione-di-qara-a-meknes\/#Distanze_in_auto_dalla_prigione_di_Qara\" >Distanze in auto dalla prigione di Qara<\/a><\/li><\/ul><\/li><li class='ez-toc-page-1 ez-toc-heading-level-2'><a class=\"ez-toc-link ez-toc-heading-3\" href=\"https:\/\/touringinmorocco.com\/it\/prigione-di-qara-a-meknes\/#Dove_si_trova_la_prigione_di_Qara_a_Meknes\" >Dove si trova la prigione di Qara a Meknes?<\/a><\/li><li class='ez-toc-page-1 ez-toc-heading-level-2'><a class=\"ez-toc-link ez-toc-heading-4\" href=\"https:\/\/touringinmorocco.com\/it\/prigione-di-qara-a-meknes\/#Storia_della_prigione_di_Qara\" >Storia della prigione di Qara<\/a><\/li><li class='ez-toc-page-1 ez-toc-heading-level-2'><a class=\"ez-toc-link ez-toc-heading-5\" href=\"https:\/\/touringinmorocco.com\/it\/prigione-di-qara-a-meknes\/#Leggende_e_storie_sulla_prigione_di_Qara\" >Leggende e storie sulla prigione di Qara<\/a><\/li><li class='ez-toc-page-1 ez-toc-heading-level-2'><a class=\"ez-toc-link ez-toc-heading-6\" href=\"https:\/\/touringinmorocco.com\/it\/prigione-di-qara-a-meknes\/#Cosa_aspettarsi_quando_visiti_la_prigione_di_Qara\" >Cosa aspettarsi quando visiti la prigione di Qara<\/a><\/li><li class='ez-toc-page-1 ez-toc-heading-level-2'><a class=\"ez-toc-link ez-toc-heading-7\" href=\"https:\/\/touringinmorocco.com\/it\/prigione-di-qara-a-meknes\/#Informazioni_pratiche_per_la_visita\" >Informazioni pratiche per la visita<\/a><\/li><li class='ez-toc-page-1 ez-toc-heading-level-2'><a class=\"ez-toc-link ez-toc-heading-8\" href=\"https:\/\/touringinmorocco.com\/it\/prigione-di-qara-a-meknes\/#Includere_la_prigione_di_Qara_nel_tuo_tour_del_Marocco\" >Includere la prigione di Qara nel tuo tour del Marocco<\/a><\/li><li class='ez-toc-page-1 ez-toc-heading-level-2'><a class=\"ez-toc-link ez-toc-heading-9\" href=\"https:\/\/touringinmorocco.com\/it\/prigione-di-qara-a-meknes\/#Domande_frequenti_sulla_prigione_di_Qara_a_Meknes\" >Domande frequenti sulla prigione di Qara a Meknes<\/a><\/li><\/ul><\/nav><\/div>\n<h2 class=\"wp-block-heading\"><span class=\"ez-toc-section\" id=\"Informazioni_rapide_Prigione_di_Qara_Meknes\"><\/span>Informazioni rapide: Prigione di Qara Meknes<span class=\"ez-toc-section-end\"><\/span><\/h2>\n\n\n\n<ul class=\"wp-block-list\">\n<li><strong>Posizione<\/strong>: sotto l&#8217;antica citt\u00e0 imperiale di Meknes, vicino a Place Lalla Aouda e al Mausoleo di Moulay Ismail<\/li>\n\n\n\n<li><strong>Regione<\/strong>: Marocco centro-settentrionale, circa 65 km a ovest di Fes e 150 km a est di Rabat<\/li>\n\n\n\n<li><strong>Tipo di sito<\/strong>: prigione sotterranea del XVII\u2013XVIII secolo<\/li>\n\n\n\n<li><strong>Tempo medio di visita<\/strong>: 20\u201340 minuti<\/li>\n\n\n\n<li><strong>Biglietto<\/strong>: piccola tariffa d&#8217;ingresso in dirham marocchini, da pagare sul posto<\/li>\n\n\n\n<li><strong>Momento migliore per visitare<\/strong>: mattina o tardo pomeriggio, fuori dalle ore pi\u00f9 calde<\/li>\n<\/ul>\n\n\n\n<h3 class=\"wp-block-heading\"><span class=\"ez-toc-section\" id=\"Distanze_in_auto_dalla_prigione_di_Qara\"><\/span>Distanze in auto dalla prigione di Qara<span class=\"ez-toc-section-end\"><\/span><\/h3>\n\n\n\n<figure class=\"wp-block-table\"><table class=\"has-fixed-layout\"><thead><tr><th>Da citt\u00e0<\/th><th>Distanza approssimativa<\/th><th>Tempo di percorrenza approssimativo<\/th><\/tr><\/thead><tbody><tr><td>Fes<\/td><td>65 km<\/td><td>1 ora<\/td><\/tr><tr><td>Rabat<\/td><td>150 km<\/td><td>2 ore<\/td><\/tr><tr><td>Casablanca<\/td><td>240 km<\/td><td>3 ore<\/td><\/tr><tr><td>Chefchaouen<\/td><td>200 km<\/td><td>3,5\u20134 ore<\/td><\/tr><\/tbody><\/table><\/figure>\n\n\n\n<h2 class=\"wp-block-heading\"><span class=\"ez-toc-section\" id=\"Dove_si_trova_la_prigione_di_Qara_a_Meknes\"><\/span>Dove si trova la prigione di Qara a Meknes?<span class=\"ez-toc-section-end\"><\/span><\/h2>\n\n\n\n<figure class=\"wp-block-image size-full\"><img loading=\"lazy\" decoding=\"async\" width=\"960\" height=\"567\" src=\"https:\/\/touringinmorocco.com\/new\/wp-content\/uploads\/2022\/11\/Screenshot-2026-01-03-150136.avif\" alt=\"Mappa che mostra la prigione di Qara (Prison de Kara) a Meknes, Marocco e i quartieri circostanti\" class=\"wp-image-24275\" srcset=\"https:\/\/touringinmorocco.com\/wp-content\/uploads\/2022\/11\/Screenshot-2026-01-03-150136.avif 960w, https:\/\/touringinmorocco.com\/wp-content\/uploads\/2022\/11\/Screenshot-2026-01-03-150136-300x177.avif 300w, https:\/\/touringinmorocco.com\/wp-content\/uploads\/2022\/11\/Screenshot-2026-01-03-150136-768x454.avif 768w\" sizes=\"auto, (max-width: 960px) 100vw, 960px\" \/><\/figure>\n\n\n\n<p>La prigione di Qara si trova sotto il cuore storico di Meknes, una delle quattro citt\u00e0 imperiali del Marocco. L&#8217;ingresso \u00e8 all&#8217;interno dell&#8217;antico quartiere reale, a pochi passi da Place Lalla Aouda, dal Mausoleo di Moulay Ismail e dai granai di Heri Es-Souani. <\/p>\n\n\n\n<p>Se ti trovi in piazza Lahdim e guardi verso Bab Mansour, la prigione di Qara \u00e8 a pochi minuti a piedi all&#8217;interno dell&#8217;ex area del palazzo. I taxi possono lasciarti vicino al cancello principale, e da l\u00ec segui le indicazioni o chiedi agli abitanti del posto la &#8220;Prison de Qara&#8221;. <\/p>\n\n\n\n<h2 class=\"wp-block-heading\"><span class=\"ez-toc-section\" id=\"Storia_della_prigione_di_Qara\"><\/span>Storia della prigione di Qara<span class=\"ez-toc-section-end\"><\/span><\/h2>\n\n\n\n<p>La prigione \u00e8 solitamente collegata al sultano Moulay Ismail, che govern\u00f2 il Marocco dal 1672 al 1727 e trasform\u00f2 Meknes nella sua capitale reale. Costru\u00ec alte mura, palazzi, stalle e grandi granai, e aveva bisogno di lavoratori e soldati per proteggere la sua nuova citt\u00e0. <\/p>\n\n\n\n<p>Molte storie raccontano che la prigione di Qara veniva usata per trattenere prigionieri stranieri, soprattutto prigionieri cristiani catturati durante battaglie navali e incursioni lungo la costa atlantica. Il nome &#8220;Qara&#8221; \u00e8 spesso collegato a un prigioniero o governatore portoghese, anche se l&#8217;origine esatta \u00e8 ancora dibattuta. <\/p>\n\n\n\n<p>All&#8217;interno, la prigione sembra un&#8217;enorme sala sotterranea sostenuta da archi e pilastri. Il soffitto \u00e8 basso, ci sono pochissime finestre e l&#8217;aria \u00e8 pesante e umida. Non era una prigione con celle individuali, ma un grande spazio buio dove molte persone venivano tenute insieme.  <\/p>\n\n\n\n<h2 class=\"wp-block-heading\"><span class=\"ez-toc-section\" id=\"Leggende_e_storie_sulla_prigione_di_Qara\"><\/span>Leggende e storie sulla prigione di Qara<span class=\"ez-toc-section-end\"><\/span><\/h2>\n\n\n\n<p>Nel tempo, la prigione di Qara \u00e8 diventata oggetto di molte leggende a Meknes. Le guide locali a volte raccontano che decine di migliaia di persone erano tenute qui, e che nessuno poteva scappare perch\u00e9 il luogo non aveva porte n\u00e9 luci. <\/p>\n\n\n\n<p>Un&#8217;altra storia famosa riguarda tunnel segreti sotterranei, che si estendevano fino a Fes, Volubilis e Tafilalet a sud. Si diceva che questi tunnel permettessero ai soldati di spostarsi rapidamente tra le citt\u00e0, o di nascondere i prigionieri lontano dal sole. <\/p>\n\n\n\n<p>Gli storici ritengono che la maggior parte di queste storie sia esagerata, ma mostrano quanto sia forte l&#8217;immaginazione delle persone quando parlano di questo luogo. Ancora oggi, camminando attraverso le sale buie, \u00e8 facile capire perch\u00e9 le leggende siano nate. <\/p>\n\n\n\n<h2 class=\"wp-block-heading\"><span class=\"ez-toc-section\" id=\"Cosa_aspettarsi_quando_visiti_la_prigione_di_Qara\"><\/span>Cosa aspettarsi quando visiti la prigione di Qara<span class=\"ez-toc-section-end\"><\/span><\/h2>\n\n\n\n<p>La visita di solito inizia con una scala che ti porta gi\u00f9 nelle stanze sotterranee. La luce diventa pi\u00f9 soffusa e la temperatura scende, soprattutto in estate. <\/p>\n\n\n\n<p>All&#8217;interno vedi lunghi corridoi, spesse colonne di pietra e piccole aperture nel soffitto da cui entrano luce e aria. Il suono dei tuoi passi riecheggia sul pavimento di pietra, e lo spazio sembra infinito anche se i visitatori possono vedere solo una piccola parte della prigione originale. <\/p>\n\n\n\n<p>Ci sono alcuni semplici pannelli informativi, ma la maggior parte della visita riguarda l&#8217;atmosfera. Una guida locale pu\u00f2 spiegare la storia e raccontare alcune delle storie tradizionali, il che rende l&#8217;esperienza pi\u00f9 interessante. <\/p>\n\n\n\n<p>Poich\u00e9 i pavimenti possono essere irregolari e un po&#8217; scivolosi, \u00e8 meglio indossare scarpe comode. Il sito non \u00e8 molto adatto a persone con mobilit\u00e0 ridotta, poich\u00e9 ci sono scale e nessun ascensore. <\/p>\n\n\n\n<h2 class=\"wp-block-heading\"><span class=\"ez-toc-section\" id=\"Informazioni_pratiche_per_la_visita\"><\/span>Informazioni pratiche per la visita<span class=\"ez-toc-section-end\"><\/span><\/h2>\n\n\n\n<p>Gli orari di apertura e i prezzi dei biglietti possono cambiare, ma in generale la prigione di Qara \u00e8 aperta durante il giorno con una breve pausa all&#8217;ora di pranzo. I biglietti si pagano in contanti all&#8217;ingresso e sono ancora abbastanza convenienti rispetto ai grandi monumenti di altre citt\u00e0. <\/p>\n\n\n\n<p>Consigli per la tua visita:<\/p>\n\n\n\n<ul class=\"wp-block-list\">\n<li>Combina la prigione di Qara con i siti vicini come il Mausoleo di Moulay Ismail, Heri Es-Souani, le stalle reali e piazza Lahdim.<\/li>\n\n\n\n<li>Porta una giacca leggera se soffri facilmente il freddo, anche in estate, perch\u00e9 l&#8217;aria sotterranea pu\u00f2 essere fresca.<\/li>\n\n\n\n<li>Una piccola torcia o la luce del telefono pu\u00f2 aiutarti a vedere i dettagli negli angoli pi\u00f9 bui.<\/li>\n\n\n\n<li>Chiedi al tuo autista o al tuo riad di confermare gli ultimi orari di apertura prima di andare.<\/li>\n<\/ul>\n\n\n\n<h2 class=\"wp-block-heading\"><span class=\"ez-toc-section\" id=\"Includere_la_prigione_di_Qara_nel_tuo_tour_del_Marocco\"><\/span>Includere la prigione di Qara nel tuo tour del Marocco<span class=\"ez-toc-section-end\"><\/span><\/h2>\n\n\n\n<figure class=\"wp-block-image size-large\"><img loading=\"lazy\" decoding=\"async\" width=\"1024\" height=\"768\" src=\"https:\/\/touringinmorocco.com\/new\/wp-content\/uploads\/2022\/11\/qaraa-1024x768.avif\" alt=\"Visitatori in piedi fuori dall'ingresso principale della prigione di Qara a Meknes, Marocco\" class=\"wp-image-24276\" srcset=\"https:\/\/touringinmorocco.com\/wp-content\/uploads\/2022\/11\/qaraa-1024x768.avif 1024w, https:\/\/touringinmorocco.com\/wp-content\/uploads\/2022\/11\/qaraa-300x225.avif 300w, https:\/\/touringinmorocco.com\/wp-content\/uploads\/2022\/11\/qaraa-768x576.avif 768w, https:\/\/touringinmorocco.com\/wp-content\/uploads\/2022\/11\/qaraa-1536x1152.avif 1536w, https:\/\/touringinmorocco.com\/wp-content\/uploads\/2022\/11\/qaraa.avif 2000w\" sizes=\"auto, (max-width: 1024px) 100vw, 1024px\" \/><\/figure>\n\n\n\n<p>Meknes fa spesso parte degli itinerari delle citt\u00e0 imperiali insieme a Fes, Rabat e Marrakech. Molti viaggiatori visitano la prigione di Qara durante una gita di un giorno da Fes, combinata con Volubilis e Moulay Idriss. <\/p>\n\n\n\n<p>Se viaggi con la nostra agenzia, possiamo includere Meknes e la prigione di Qara in <a href=\"https:\/\/touringinmorocco.com\/it\/escursioni-da-casablanca-gruppo-personalizzato-viaggi-privati-nel-deserto\/\">tour privati con partenza da Casablanca<\/a>, Fes, Rabat o Tangeri. Il tuo autista pu\u00f2 aspettare vicino all&#8217;ingresso mentre esplori le sale sotterranee, poi continuare verso altre attrazioni come Volubilis o il Medio Atlante nello stesso giorno.<\/p>\n\n\n\n<h2 class=\"wp-block-heading\"><span class=\"ez-toc-section\" id=\"Domande_frequenti_sulla_prigione_di_Qara_a_Meknes\"><\/span>Domande frequenti sulla prigione di Qara a Meknes<span class=\"ez-toc-section-end\"><\/span><\/h2>\n\n\n\n<div class=\"schema-faq wp-block-yoast-faq-block\"><div class=\"schema-faq-section\" id=\"faq-question-1767450256593\"><strong class=\"schema-faq-question\">Vale la pena visitare la prigione di Qara?<\/strong> <p class=\"schema-faq-answer\">S\u00ec, se ti interessa la storia e i luoghi insoliti, \u00e8 una tappa molto speciale a Meknes. L&#8217;architettura \u00e8 semplice ma l&#8217;atmosfera \u00e8 forte, e le leggende rendono la visita memorabile. <\/p> <\/div> <div class=\"schema-faq-section\" id=\"faq-question-1767450259705\"><strong class=\"schema-faq-question\">Quanto tempo mi serve per visitare la prigione di Qara?<\/strong> <p class=\"schema-faq-answer\">La maggior parte dei visitatori trascorre circa 20\u201340 minuti all&#8217;interno. Se hai una guida e ti piace fare foto, potresti restare un po&#8217; pi\u00f9 a lungo. <\/p> <\/div> <div class=\"schema-faq-section\" id=\"faq-question-1767450260846\"><strong class=\"schema-faq-question\">La prigione di Qara \u00e8 spaventosa o pericolosa?<\/strong> <p class=\"schema-faq-answer\">La prigione \u00e8 buia ma sicura per i visitatori. C&#8217;\u00e8 illuminazione elettrica e uscite chiaramente segnalate, quindi puoi camminare senza problemi se segui i percorsi. <\/p> <\/div> <div class=\"schema-faq-section\" id=\"faq-question-1767450262289\"><strong class=\"schema-faq-question\">Posso visitare la prigione di Qara con i bambini?<\/strong> <p class=\"schema-faq-answer\">S\u00ec, i bambini possono visitarla, ma alcuni bambini pi\u00f9 piccoli potrebbero trovare lo spazio sotterraneo un po&#8217; strano. Resta vicino a loro e spiega la storia in modo semplice per farli sentire a loro agio. <\/p> <\/div> <div class=\"schema-faq-section\" id=\"faq-question-1767450263089\"><strong class=\"schema-faq-question\">Qual \u00e8 il periodo migliore dell&#8217;anno per visitare Meknes e la prigione di Qara?<\/strong> <p class=\"schema-faq-answer\">La primavera (da marzo a maggio) e l&#8217;autunno (da settembre a novembre) sono ideali, con temperature miti e cieli sereni. In estate, la citt\u00e0 pu\u00f2 essere calda, ma le sale sotterranee della prigione restano pi\u00f9 fresche rispetto alle strade esterne. <\/p> <\/div> <\/div>\n","protected":false},"excerpt":{"rendered":"<p>La prigione di Qara a Meknes \u00e8 uno dei luoghi pi\u00f9 misteriosi del Marocco. Nascosta sotto l&#8217;antica citt\u00e0 imperiale, questa prigione sotterranea risale all&#8217;epoca del sultano Moulay Ismail ed \u00e8 avvolta da numerose storie locali. Oggi \u00e8 una tappa popolare per i viaggiatori che esplorano Meknes e le vicine rovine romane di Volubilis. Informazioni rapide: [&hellip;]<\/p>\n","protected":false},"author":1,"featured_media":26478,"comment_status":"open","ping_status":"closed","sticky":false,"template":"","format":"standard","meta":{"_uag_custom_page_level_css":"","_joinchat":[],"footnotes":""},"categories":[134],"tags":[],"class_list":["post-28353","post","type-post","status-publish","format-standard","has-post-thumbnail","hentry","category-articoli-del-blog"],"yoast_head":"<!-- This site is optimized with the Yoast SEO plugin v27.5 - https:\/\/yoast.com\/product\/yoast-seo-wordpress\/ -->\n<title>Prigione di Qara a Meknes: storia, leggende e come visitarla - Touring In Morocco<\/title>\n<meta name=\"description\" content=\"Esplora la prigione di Qara a Meknes, in Marocco: questa prigione sotterranea \u00e8 stata costruita come un misterioso labirinto senza ingressi.\" \/>\n<meta name=\"robots\" content=\"index, follow, max-snippet:-1, max-image-preview:large, max-video-preview:-1\" \/>\n<link rel=\"canonical\" href=\"https:\/\/touringinmorocco.com\/it\/prigione-di-qara-a-meknes\/\" \/>\n<meta property=\"og:locale\" content=\"it_IT\" \/>\n<meta property=\"og:type\" content=\"article\" \/>\n<meta property=\"og:title\" content=\"Prigione di Qara a Meknes: storia, leggende e come visitarla - Touring In Morocco\" \/>\n<meta property=\"og:description\" content=\"Esplora la prigione di Qara a Meknes, in Marocco: questa prigione sotterranea \u00e8 stata costruita come un misterioso labirinto senza ingressi.\" \/>\n<meta property=\"og:url\" content=\"https:\/\/touringinmorocco.com\/it\/prigione-di-qara-a-meknes\/\" \/>\n<meta property=\"og:site_name\" content=\"Touring In Morocco\" \/>\n<meta property=\"article:published_time\" content=\"2022-11-07T12:53:24+00:00\" \/>\n<meta property=\"article:modified_time\" content=\"2026-03-15T15:26:43+00:00\" \/>\n<meta property=\"og:image\" content=\"https:\/\/touringinmorocco.com\/wp-content\/uploads\/2022\/11\/Qara-1.avif\" \/>\n\t<meta property=\"og:image:width\" content=\"1500\" \/>\n\t<meta property=\"og:image:height\" content=\"1000\" \/>\n\t<meta property=\"og:image:type\" content=\"image\/jpeg\" \/>\n<meta name=\"author\" content=\"Touring In Morocco\" \/>\n<meta name=\"twitter:card\" content=\"summary_large_image\" \/>\n<meta name=\"twitter:label1\" content=\"Scritto da\" \/>\n\t<meta name=\"twitter:data1\" content=\"Touring In Morocco\" \/>\n\t<meta name=\"twitter:label2\" content=\"Tempo di lettura stimato\" \/>\n\t<meta name=\"twitter:data2\" content=\"6 minuti\" \/>\n<script type=\"application\/ld+json\" class=\"yoast-schema-graph\">{\"@context\":\"https:\\\/\\\/schema.org\",\"@graph\":[{\"@type\":\"Article\",\"@id\":\"https:\\\/\\\/touringinmorocco.com\\\/it\\\/prigione-di-qara-a-meknes\\\/#article\",\"isPartOf\":{\"@id\":\"https:\\\/\\\/touringinmorocco.com\\\/it\\\/prigione-di-qara-a-meknes\\\/\"},\"author\":{\"name\":\"Touring In Morocco\",\"@id\":\"https:\\\/\\\/touringinmorocco.com\\\/it\\\/#\\\/schema\\\/person\\\/ec86cabdea2962e11b529995bbf2dfbf\"},\"headline\":\"Prigione di Qara a Meknes: storia, leggende e come visitarla\",\"datePublished\":\"2022-11-07T12:53:24+00:00\",\"dateModified\":\"2026-03-15T15:26:43+00:00\",\"mainEntityOfPage\":{\"@id\":\"https:\\\/\\\/touringinmorocco.com\\\/it\\\/prigione-di-qara-a-meknes\\\/\"},\"wordCount\":1136,\"commentCount\":0,\"image\":{\"@id\":\"https:\\\/\\\/touringinmorocco.com\\\/it\\\/prigione-di-qara-a-meknes\\\/#primaryimage\"},\"thumbnailUrl\":\"https:\\\/\\\/touringinmorocco.com\\\/wp-content\\\/uploads\\\/2022\\\/11\\\/Qara-1.avif\",\"articleSection\":[\"Articoli del blog\"],\"inLanguage\":\"it-IT\",\"potentialAction\":[{\"@type\":\"CommentAction\",\"name\":\"Comment\",\"target\":[\"https:\\\/\\\/touringinmorocco.com\\\/it\\\/prigione-di-qara-a-meknes\\\/#respond\"]}]},{\"@type\":[\"WebPage\",\"FAQPage\"],\"@id\":\"https:\\\/\\\/touringinmorocco.com\\\/it\\\/prigione-di-qara-a-meknes\\\/\",\"url\":\"https:\\\/\\\/touringinmorocco.com\\\/it\\\/prigione-di-qara-a-meknes\\\/\",\"name\":\"Prigione di Qara a Meknes: storia, leggende e come visitarla - Touring In Morocco\",\"isPartOf\":{\"@id\":\"https:\\\/\\\/touringinmorocco.com\\\/it\\\/#website\"},\"primaryImageOfPage\":{\"@id\":\"https:\\\/\\\/touringinmorocco.com\\\/it\\\/prigione-di-qara-a-meknes\\\/#primaryimage\"},\"image\":{\"@id\":\"https:\\\/\\\/touringinmorocco.com\\\/it\\\/prigione-di-qara-a-meknes\\\/#primaryimage\"},\"thumbnailUrl\":\"https:\\\/\\\/touringinmorocco.com\\\/wp-content\\\/uploads\\\/2022\\\/11\\\/Qara-1.avif\",\"datePublished\":\"2022-11-07T12:53:24+00:00\",\"dateModified\":\"2026-03-15T15:26:43+00:00\",\"author\":{\"@id\":\"https:\\\/\\\/touringinmorocco.com\\\/it\\\/#\\\/schema\\\/person\\\/ec86cabdea2962e11b529995bbf2dfbf\"},\"description\":\"Esplora la prigione di Qara a Meknes, in Marocco: questa prigione sotterranea \u00e8 stata costruita come un misterioso labirinto senza ingressi.\",\"breadcrumb\":{\"@id\":\"https:\\\/\\\/touringinmorocco.com\\\/it\\\/prigione-di-qara-a-meknes\\\/#breadcrumb\"},\"mainEntity\":[{\"@id\":\"https:\\\/\\\/touringinmorocco.com\\\/it\\\/prigione-di-qara-a-meknes\\\/#faq-question-1767450256593\"},{\"@id\":\"https:\\\/\\\/touringinmorocco.com\\\/it\\\/prigione-di-qara-a-meknes\\\/#faq-question-1767450259705\"},{\"@id\":\"https:\\\/\\\/touringinmorocco.com\\\/it\\\/prigione-di-qara-a-meknes\\\/#faq-question-1767450260846\"},{\"@id\":\"https:\\\/\\\/touringinmorocco.com\\\/it\\\/prigione-di-qara-a-meknes\\\/#faq-question-1767450262289\"},{\"@id\":\"https:\\\/\\\/touringinmorocco.com\\\/it\\\/prigione-di-qara-a-meknes\\\/#faq-question-1767450263089\"}],\"inLanguage\":\"it-IT\",\"potentialAction\":[{\"@type\":\"ReadAction\",\"target\":[\"https:\\\/\\\/touringinmorocco.com\\\/it\\\/prigione-di-qara-a-meknes\\\/\"]}]},{\"@type\":\"ImageObject\",\"inLanguage\":\"it-IT\",\"@id\":\"https:\\\/\\\/touringinmorocco.com\\\/it\\\/prigione-di-qara-a-meknes\\\/#primaryimage\",\"url\":\"https:\\\/\\\/touringinmorocco.com\\\/wp-content\\\/uploads\\\/2022\\\/11\\\/Qara-1.avif\",\"contentUrl\":\"https:\\\/\\\/touringinmorocco.com\\\/wp-content\\\/uploads\\\/2022\\\/11\\\/Qara-1.avif\",\"width\":1500,\"height\":1000,\"caption\":\"Prigione di Qara a Meknes con le sue mura ocra, il tetto di tegole verdi e il cortile interno in una giornata nuvolosa\"},{\"@type\":\"BreadcrumbList\",\"@id\":\"https:\\\/\\\/touringinmorocco.com\\\/it\\\/prigione-di-qara-a-meknes\\\/#breadcrumb\",\"itemListElement\":[{\"@type\":\"ListItem\",\"position\":1,\"name\":\"Inizio\",\"item\":\"https:\\\/\\\/touringinmorocco.com\\\/it\\\/\"},{\"@type\":\"ListItem\",\"position\":2,\"name\":\"Prigione di Qara a Meknes: storia, leggende e come visitarla\"}]},{\"@type\":\"WebSite\",\"@id\":\"https:\\\/\\\/touringinmorocco.com\\\/it\\\/#website\",\"url\":\"https:\\\/\\\/touringinmorocco.com\\\/it\\\/\",\"name\":\"Touring In Morocco\",\"description\":\"Morocco Tours\",\"potentialAction\":[{\"@type\":\"SearchAction\",\"target\":{\"@type\":\"EntryPoint\",\"urlTemplate\":\"https:\\\/\\\/touringinmorocco.com\\\/it\\\/?s={search_term_string}\"},\"query-input\":{\"@type\":\"PropertyValueSpecification\",\"valueRequired\":true,\"valueName\":\"search_term_string\"}}],\"inLanguage\":\"it-IT\"},{\"@type\":\"Person\",\"@id\":\"https:\\\/\\\/touringinmorocco.com\\\/it\\\/#\\\/schema\\\/person\\\/ec86cabdea2962e11b529995bbf2dfbf\",\"name\":\"Touring In Morocco\",\"image\":{\"@type\":\"ImageObject\",\"inLanguage\":\"it-IT\",\"@id\":\"https:\\\/\\\/secure.gravatar.com\\\/avatar\\\/9e4f0c1b0904753291700266fbd4708227a1e481937427fcf46b0fb301a1b365?s=96&d=mm&r=g\",\"url\":\"https:\\\/\\\/secure.gravatar.com\\\/avatar\\\/9e4f0c1b0904753291700266fbd4708227a1e481937427fcf46b0fb301a1b365?s=96&d=mm&r=g\",\"contentUrl\":\"https:\\\/\\\/secure.gravatar.com\\\/avatar\\\/9e4f0c1b0904753291700266fbd4708227a1e481937427fcf46b0fb301a1b365?s=96&d=mm&r=g\",\"caption\":\"Touring In Morocco\"},\"sameAs\":[\"https:\\\/\\\/touringinmorocco.com\\\/\"],\"url\":\"https:\\\/\\\/touringinmorocco.com\\\/it\\\/author\\\/imaginetouring\\\/\"},{\"@type\":\"Question\",\"@id\":\"https:\\\/\\\/touringinmorocco.com\\\/it\\\/prigione-di-qara-a-meknes\\\/#faq-question-1767450256593\",\"position\":1,\"url\":\"https:\\\/\\\/touringinmorocco.com\\\/it\\\/prigione-di-qara-a-meknes\\\/#faq-question-1767450256593\",\"name\":\"Vale la pena visitare la prigione di Qara?\",\"answerCount\":1,\"acceptedAnswer\":{\"@type\":\"Answer\",\"text\":\"S\u00ec, se ti interessa la storia e i luoghi insoliti, \u00e8 una tappa molto speciale a Meknes. L'architettura \u00e8 semplice ma l'atmosfera \u00e8 forte, e le leggende rendono la visita memorabile. \",\"inLanguage\":\"it-IT\"},\"inLanguage\":\"it-IT\"},{\"@type\":\"Question\",\"@id\":\"https:\\\/\\\/touringinmorocco.com\\\/it\\\/prigione-di-qara-a-meknes\\\/#faq-question-1767450259705\",\"position\":2,\"url\":\"https:\\\/\\\/touringinmorocco.com\\\/it\\\/prigione-di-qara-a-meknes\\\/#faq-question-1767450259705\",\"name\":\"Quanto tempo mi serve per visitare la prigione di Qara?\",\"answerCount\":1,\"acceptedAnswer\":{\"@type\":\"Answer\",\"text\":\"La maggior parte dei visitatori trascorre circa 20\u201340 minuti all'interno. Se hai una guida e ti piace fare foto, potresti restare un po' pi\u00f9 a lungo. \",\"inLanguage\":\"it-IT\"},\"inLanguage\":\"it-IT\"},{\"@type\":\"Question\",\"@id\":\"https:\\\/\\\/touringinmorocco.com\\\/it\\\/prigione-di-qara-a-meknes\\\/#faq-question-1767450260846\",\"position\":3,\"url\":\"https:\\\/\\\/touringinmorocco.com\\\/it\\\/prigione-di-qara-a-meknes\\\/#faq-question-1767450260846\",\"name\":\"La prigione di Qara \u00e8 spaventosa o pericolosa?\",\"answerCount\":1,\"acceptedAnswer\":{\"@type\":\"Answer\",\"text\":\"La prigione \u00e8 buia ma sicura per i visitatori. C'\u00e8 illuminazione elettrica e uscite chiaramente segnalate, quindi puoi camminare senza problemi se segui i percorsi. \",\"inLanguage\":\"it-IT\"},\"inLanguage\":\"it-IT\"},{\"@type\":\"Question\",\"@id\":\"https:\\\/\\\/touringinmorocco.com\\\/it\\\/prigione-di-qara-a-meknes\\\/#faq-question-1767450262289\",\"position\":4,\"url\":\"https:\\\/\\\/touringinmorocco.com\\\/it\\\/prigione-di-qara-a-meknes\\\/#faq-question-1767450262289\",\"name\":\"Posso visitare la prigione di Qara con i bambini?\",\"answerCount\":1,\"acceptedAnswer\":{\"@type\":\"Answer\",\"text\":\"S\u00ec, i bambini possono visitarla, ma alcuni bambini pi\u00f9 piccoli potrebbero trovare lo spazio sotterraneo un po' strano. Resta vicino a loro e spiega la storia in modo semplice per farli sentire a loro agio. \",\"inLanguage\":\"it-IT\"},\"inLanguage\":\"it-IT\"},{\"@type\":\"Question\",\"@id\":\"https:\\\/\\\/touringinmorocco.com\\\/it\\\/prigione-di-qara-a-meknes\\\/#faq-question-1767450263089\",\"position\":5,\"url\":\"https:\\\/\\\/touringinmorocco.com\\\/it\\\/prigione-di-qara-a-meknes\\\/#faq-question-1767450263089\",\"name\":\"Qual \u00e8 il periodo migliore dell'anno per visitare Meknes e la prigione di Qara?\",\"answerCount\":1,\"acceptedAnswer\":{\"@type\":\"Answer\",\"text\":\"La primavera (da marzo a maggio) e l'autunno (da settembre a novembre) sono ideali, con temperature miti e cieli sereni. In estate, la citt\u00e0 pu\u00f2 essere calda, ma le sale sotterranee della prigione restano pi\u00f9 fresche rispetto alle strade esterne. \",\"inLanguage\":\"it-IT\"},\"inLanguage\":\"it-IT\"}]}<\/script>\n<!-- \/ Yoast SEO plugin. -->","yoast_head_json":{"title":"Prigione di Qara a Meknes: storia, leggende e come visitarla - Touring In Morocco","description":"Esplora la prigione di Qara a Meknes, in Marocco: questa prigione sotterranea \u00e8 stata costruita come un misterioso labirinto senza ingressi.","robots":{"index":"index","follow":"follow","max-snippet":"max-snippet:-1","max-image-preview":"max-image-preview:large","max-video-preview":"max-video-preview:-1"},"canonical":"https:\/\/touringinmorocco.com\/it\/prigione-di-qara-a-meknes\/","og_locale":"it_IT","og_type":"article","og_title":"Prigione di Qara a Meknes: storia, leggende e come visitarla - Touring In Morocco","og_description":"Esplora la prigione di Qara a Meknes, in Marocco: questa prigione sotterranea \u00e8 stata costruita come un misterioso labirinto senza ingressi.","og_url":"https:\/\/touringinmorocco.com\/it\/prigione-di-qara-a-meknes\/","og_site_name":"Touring In Morocco","article_published_time":"2022-11-07T12:53:24+00:00","article_modified_time":"2026-03-15T15:26:43+00:00","og_image":[{"width":1500,"height":1000,"url":"https:\/\/touringinmorocco.com\/wp-content\/uploads\/2022\/11\/Qara-1.avif","type":"image\/jpeg"}],"author":"Touring In Morocco","twitter_card":"summary_large_image","twitter_misc":{"Scritto da":"Touring In Morocco","Tempo di lettura stimato":"6 minuti"},"schema":{"@context":"https:\/\/schema.org","@graph":[{"@type":"Article","@id":"https:\/\/touringinmorocco.com\/it\/prigione-di-qara-a-meknes\/#article","isPartOf":{"@id":"https:\/\/touringinmorocco.com\/it\/prigione-di-qara-a-meknes\/"},"author":{"name":"Touring In Morocco","@id":"https:\/\/touringinmorocco.com\/it\/#\/schema\/person\/ec86cabdea2962e11b529995bbf2dfbf"},"headline":"Prigione di Qara a Meknes: storia, leggende e come visitarla","datePublished":"2022-11-07T12:53:24+00:00","dateModified":"2026-03-15T15:26:43+00:00","mainEntityOfPage":{"@id":"https:\/\/touringinmorocco.com\/it\/prigione-di-qara-a-meknes\/"},"wordCount":1136,"commentCount":0,"image":{"@id":"https:\/\/touringinmorocco.com\/it\/prigione-di-qara-a-meknes\/#primaryimage"},"thumbnailUrl":"https:\/\/touringinmorocco.com\/wp-content\/uploads\/2022\/11\/Qara-1.avif","articleSection":["Articoli del blog"],"inLanguage":"it-IT","potentialAction":[{"@type":"CommentAction","name":"Comment","target":["https:\/\/touringinmorocco.com\/it\/prigione-di-qara-a-meknes\/#respond"]}]},{"@type":["WebPage","FAQPage"],"@id":"https:\/\/touringinmorocco.com\/it\/prigione-di-qara-a-meknes\/","url":"https:\/\/touringinmorocco.com\/it\/prigione-di-qara-a-meknes\/","name":"Prigione di Qara a Meknes: storia, leggende e come visitarla - Touring In Morocco","isPartOf":{"@id":"https:\/\/touringinmorocco.com\/it\/#website"},"primaryImageOfPage":{"@id":"https:\/\/touringinmorocco.com\/it\/prigione-di-qara-a-meknes\/#primaryimage"},"image":{"@id":"https:\/\/touringinmorocco.com\/it\/prigione-di-qara-a-meknes\/#primaryimage"},"thumbnailUrl":"https:\/\/touringinmorocco.com\/wp-content\/uploads\/2022\/11\/Qara-1.avif","datePublished":"2022-11-07T12:53:24+00:00","dateModified":"2026-03-15T15:26:43+00:00","author":{"@id":"https:\/\/touringinmorocco.com\/it\/#\/schema\/person\/ec86cabdea2962e11b529995bbf2dfbf"},"description":"Esplora la prigione di Qara a Meknes, in Marocco: questa prigione sotterranea \u00e8 stata costruita come un misterioso labirinto senza ingressi.","breadcrumb":{"@id":"https:\/\/touringinmorocco.com\/it\/prigione-di-qara-a-meknes\/#breadcrumb"},"mainEntity":[{"@id":"https:\/\/touringinmorocco.com\/it\/prigione-di-qara-a-meknes\/#faq-question-1767450256593"},{"@id":"https:\/\/touringinmorocco.com\/it\/prigione-di-qara-a-meknes\/#faq-question-1767450259705"},{"@id":"https:\/\/touringinmorocco.com\/it\/prigione-di-qara-a-meknes\/#faq-question-1767450260846"},{"@id":"https:\/\/touringinmorocco.com\/it\/prigione-di-qara-a-meknes\/#faq-question-1767450262289"},{"@id":"https:\/\/touringinmorocco.com\/it\/prigione-di-qara-a-meknes\/#faq-question-1767450263089"}],"inLanguage":"it-IT","potentialAction":[{"@type":"ReadAction","target":["https:\/\/touringinmorocco.com\/it\/prigione-di-qara-a-meknes\/"]}]},{"@type":"ImageObject","inLanguage":"it-IT","@id":"https:\/\/touringinmorocco.com\/it\/prigione-di-qara-a-meknes\/#primaryimage","url":"https:\/\/touringinmorocco.com\/wp-content\/uploads\/2022\/11\/Qara-1.avif","contentUrl":"https:\/\/touringinmorocco.com\/wp-content\/uploads\/2022\/11\/Qara-1.avif","width":1500,"height":1000,"caption":"Prigione di Qara a Meknes con le sue mura ocra, il tetto di tegole verdi e il cortile interno in una giornata nuvolosa"},{"@type":"BreadcrumbList","@id":"https:\/\/touringinmorocco.com\/it\/prigione-di-qara-a-meknes\/#breadcrumb","itemListElement":[{"@type":"ListItem","position":1,"name":"Inizio","item":"https:\/\/touringinmorocco.com\/it\/"},{"@type":"ListItem","position":2,"name":"Prigione di Qara a Meknes: storia, leggende e come visitarla"}]},{"@type":"WebSite","@id":"https:\/\/touringinmorocco.com\/it\/#website","url":"https:\/\/touringinmorocco.com\/it\/","name":"Touring In Morocco","description":"Morocco Tours","potentialAction":[{"@type":"SearchAction","target":{"@type":"EntryPoint","urlTemplate":"https:\/\/touringinmorocco.com\/it\/?s={search_term_string}"},"query-input":{"@type":"PropertyValueSpecification","valueRequired":true,"valueName":"search_term_string"}}],"inLanguage":"it-IT"},{"@type":"Person","@id":"https:\/\/touringinmorocco.com\/it\/#\/schema\/person\/ec86cabdea2962e11b529995bbf2dfbf","name":"Touring In Morocco","image":{"@type":"ImageObject","inLanguage":"it-IT","@id":"https:\/\/secure.gravatar.com\/avatar\/9e4f0c1b0904753291700266fbd4708227a1e481937427fcf46b0fb301a1b365?s=96&d=mm&r=g","url":"https:\/\/secure.gravatar.com\/avatar\/9e4f0c1b0904753291700266fbd4708227a1e481937427fcf46b0fb301a1b365?s=96&d=mm&r=g","contentUrl":"https:\/\/secure.gravatar.com\/avatar\/9e4f0c1b0904753291700266fbd4708227a1e481937427fcf46b0fb301a1b365?s=96&d=mm&r=g","caption":"Touring In Morocco"},"sameAs":["https:\/\/touringinmorocco.com\/"],"url":"https:\/\/touringinmorocco.com\/it\/author\/imaginetouring\/"},{"@type":"Question","@id":"https:\/\/touringinmorocco.com\/it\/prigione-di-qara-a-meknes\/#faq-question-1767450256593","position":1,"url":"https:\/\/touringinmorocco.com\/it\/prigione-di-qara-a-meknes\/#faq-question-1767450256593","name":"Vale la pena visitare la prigione di Qara?","answerCount":1,"acceptedAnswer":{"@type":"Answer","text":"S\u00ec, se ti interessa la storia e i luoghi insoliti, \u00e8 una tappa molto speciale a Meknes. L'architettura \u00e8 semplice ma l'atmosfera \u00e8 forte, e le leggende rendono la visita memorabile. ","inLanguage":"it-IT"},"inLanguage":"it-IT"},{"@type":"Question","@id":"https:\/\/touringinmorocco.com\/it\/prigione-di-qara-a-meknes\/#faq-question-1767450259705","position":2,"url":"https:\/\/touringinmorocco.com\/it\/prigione-di-qara-a-meknes\/#faq-question-1767450259705","name":"Quanto tempo mi serve per visitare la prigione di Qara?","answerCount":1,"acceptedAnswer":{"@type":"Answer","text":"La maggior parte dei visitatori trascorre circa 20\u201340 minuti all'interno. Se hai una guida e ti piace fare foto, potresti restare un po' pi\u00f9 a lungo. ","inLanguage":"it-IT"},"inLanguage":"it-IT"},{"@type":"Question","@id":"https:\/\/touringinmorocco.com\/it\/prigione-di-qara-a-meknes\/#faq-question-1767450260846","position":3,"url":"https:\/\/touringinmorocco.com\/it\/prigione-di-qara-a-meknes\/#faq-question-1767450260846","name":"La prigione di Qara \u00e8 spaventosa o pericolosa?","answerCount":1,"acceptedAnswer":{"@type":"Answer","text":"La prigione \u00e8 buia ma sicura per i visitatori. C'\u00e8 illuminazione elettrica e uscite chiaramente segnalate, quindi puoi camminare senza problemi se segui i percorsi. ","inLanguage":"it-IT"},"inLanguage":"it-IT"},{"@type":"Question","@id":"https:\/\/touringinmorocco.com\/it\/prigione-di-qara-a-meknes\/#faq-question-1767450262289","position":4,"url":"https:\/\/touringinmorocco.com\/it\/prigione-di-qara-a-meknes\/#faq-question-1767450262289","name":"Posso visitare la prigione di Qara con i bambini?","answerCount":1,"acceptedAnswer":{"@type":"Answer","text":"S\u00ec, i bambini possono visitarla, ma alcuni bambini pi\u00f9 piccoli potrebbero trovare lo spazio sotterraneo un po' strano. Resta vicino a loro e spiega la storia in modo semplice per farli sentire a loro agio. ","inLanguage":"it-IT"},"inLanguage":"it-IT"},{"@type":"Question","@id":"https:\/\/touringinmorocco.com\/it\/prigione-di-qara-a-meknes\/#faq-question-1767450263089","position":5,"url":"https:\/\/touringinmorocco.com\/it\/prigione-di-qara-a-meknes\/#faq-question-1767450263089","name":"Qual \u00e8 il periodo migliore dell'anno per visitare Meknes e la prigione di Qara?","answerCount":1,"acceptedAnswer":{"@type":"Answer","text":"La primavera (da marzo a maggio) e l'autunno (da settembre a novembre) sono ideali, con temperature miti e cieli sereni. In estate, la citt\u00e0 pu\u00f2 essere calda, ma le sale sotterranee della prigione restano pi\u00f9 fresche rispetto alle strade esterne. ","inLanguage":"it-IT"},"inLanguage":"it-IT"}]}},"uagb_featured_image_src":{"full":["https:\/\/touringinmorocco.com\/wp-content\/uploads\/2022\/11\/Qara-1.avif",1500,1000,false],"thumbnail":["https:\/\/touringinmorocco.com\/wp-content\/uploads\/2022\/11\/Qara-1-150x150.avif",150,150,true],"medium":["https:\/\/touringinmorocco.com\/wp-content\/uploads\/2022\/11\/Qara-1-300x200.avif",300,200,true],"medium_large":["https:\/\/touringinmorocco.com\/wp-content\/uploads\/2022\/11\/Qara-1-768x512.avif",768,512,true],"large":["https:\/\/touringinmorocco.com\/wp-content\/uploads\/2022\/11\/Qara-1-1024x683.avif",1024,683,true],"1536x1536":["https:\/\/touringinmorocco.com\/wp-content\/uploads\/2022\/11\/Qara-1.avif",1500,1000,false],"2048x2048":["https:\/\/touringinmorocco.com\/wp-content\/uploads\/2022\/11\/Qara-1.avif",1500,1000,false],"Personnel Thumbnail":["https:\/\/touringinmorocco.com\/wp-content\/uploads\/2022\/11\/Qara-1-700x500.avif",700,500,true],"Portfolio Thumbnail":["https:\/\/touringinmorocco.com\/wp-content\/uploads\/2022\/11\/Qara-1-700x450.avif",700,450,true],"Portfolio Thumbnail Portrait":["https:\/\/touringinmorocco.com\/wp-content\/uploads\/2022\/11\/Qara-1-700x660.avif",700,660,true],"Portfolio Thumbnail Portrait 2":["https:\/\/touringinmorocco.com\/wp-content\/uploads\/2022\/11\/Qara-1-600x800.avif",600,800,true],"Large Landscape":["https:\/\/touringinmorocco.com\/wp-content\/uploads\/2022\/11\/Qara-1-1280x580.avif",1280,580,true],"Large Landscape 2":["https:\/\/touringinmorocco.com\/wp-content\/uploads\/2022\/11\/Qara-1-1500x700.avif",1500,700,true],"Portfolio Side Description Large":["https:\/\/touringinmorocco.com\/wp-content\/uploads\/2022\/11\/Qara-1-900x500.avif",900,500,true],"Blog Full Thumbnail":["https:\/\/touringinmorocco.com\/wp-content\/uploads\/2022\/11\/Qara-1-1100x490.avif",1100,490,true],"Blog Column Thumbnail":["https:\/\/touringinmorocco.com\/wp-content\/uploads\/2022\/11\/Qara-1-700x430.avif",700,430,true],"Personnel Thumbnail 2":["https:\/\/touringinmorocco.com\/wp-content\/uploads\/2022\/11\/Qara-1-550x500.avif",550,500,true],"Large Landscape 3":["https:\/\/touringinmorocco.com\/wp-content\/uploads\/2022\/11\/Qara-1.avif",1500,1000,false],"Personnel Square":["https:\/\/touringinmorocco.com\/wp-content\/uploads\/2022\/11\/Qara-1-600x600.avif",600,600,true],"Tour Category":["https:\/\/touringinmorocco.com\/wp-content\/uploads\/2022\/11\/Qara-1-800x960.avif",800,960,true],"Tour Side Thumbnail":["https:\/\/touringinmorocco.com\/wp-content\/uploads\/2022\/11\/Qara-1-600x700.avif",600,700,true],"Tour Cat Featured":["https:\/\/touringinmorocco.com\/wp-content\/uploads\/2022\/11\/Qara-1-1200x567.avif",1200,567,true]},"uagb_author_info":{"display_name":"Touring In Morocco","author_link":"https:\/\/touringinmorocco.com\/it\/author\/imaginetouring\/"},"uagb_comment_info":0,"uagb_excerpt":"La prigione di Qara a Meknes \u00e8 uno dei luoghi pi\u00f9 misteriosi del Marocco. Nascosta sotto l&#8217;antica citt\u00e0 imperiale, questa prigione sotterranea risale all&#8217;epoca del sultano Moulay Ismail ed \u00e8 avvolta da numerose storie locali. Oggi \u00e8 una tappa popolare per i viaggiatori che esplorano Meknes e le vicine rovine romane di Volubilis. Informazioni rapide:&hellip;","_links":{"self":[{"href":"https:\/\/touringinmorocco.com\/it\/wp-json\/wp\/v2\/posts\/28353","targetHints":{"allow":["GET"]}}],"collection":[{"href":"https:\/\/touringinmorocco.com\/it\/wp-json\/wp\/v2\/posts"}],"about":[{"href":"https:\/\/touringinmorocco.com\/it\/wp-json\/wp\/v2\/types\/post"}],"author":[{"embeddable":true,"href":"https:\/\/touringinmorocco.com\/it\/wp-json\/wp\/v2\/users\/1"}],"replies":[{"embeddable":true,"href":"https:\/\/touringinmorocco.com\/it\/wp-json\/wp\/v2\/comments?post=28353"}],"version-history":[{"count":5,"href":"https:\/\/touringinmorocco.com\/it\/wp-json\/wp\/v2\/posts\/28353\/revisions"}],"predecessor-version":[{"id":28368,"href":"https:\/\/touringinmorocco.com\/it\/wp-json\/wp\/v2\/posts\/28353\/revisions\/28368"}],"wp:featuredmedia":[{"embeddable":true,"href":"https:\/\/touringinmorocco.com\/it\/wp-json\/wp\/v2\/media\/26478"}],"wp:attachment":[{"href":"https:\/\/touringinmorocco.com\/it\/wp-json\/wp\/v2\/media?parent=28353"}],"wp:term":[{"taxonomy":"category","embeddable":true,"href":"https:\/\/touringinmorocco.com\/it\/wp-json\/wp\/v2\/categories?post=28353"},{"taxonomy":"post_tag","embeddable":true,"href":"https:\/\/touringinmorocco.com\/it\/wp-json\/wp\/v2\/tags?post=28353"}],"curies":[{"name":"wp","href":"https:\/\/api.w.org\/{rel}","templated":true}]}}